{"id":1461,"date":"2021-01-30T13:35:44","date_gmt":"2021-01-30T12:35:44","guid":{"rendered":"http:\/\/alltogether.be\/?p=1461"},"modified":"2021-01-31T18:32:43","modified_gmt":"2021-01-31T17:32:43","slug":"curation-du-mois-de-janvier-2021","status":"publish","type":"post","link":"https:\/\/alltogether.be\/index.php\/2021\/01\/30\/curation-du-mois-de-janvier-2021\/","title":{"rendered":"Curation du mois de Janvier 2021"},"content":{"rendered":"\n<p>Retrouvez sur Linkedin le r\u00e9sultat de ma curation en mati\u00e8re de gestion de projet, management g\u00e9n\u00e9ral et leadership &#8230;<\/p>\n\n\n\n<p><a href=\"https:\/\/www.linkedin.com\/company\/18071540\"><strong>https:\/\/www.linkedin.com\/company\/18071540<\/strong><\/a><\/p>\n","protected":false},"excerpt":{"rendered":"<p>Retrouvez sur Linkedin le r\u00e9sultat de ma curation en mati\u00e8re de gestion de projet, management g\u00e9n\u00e9ral et leadership &#8230; https:\/\/www.linkedin.com\/company\/18071540<\/p>\n","protected":false},"author":1,"featured_media":1462,"comment_status":"open","ping_status":"open","sticky":false,"template":"","format":"standard","meta":{"_exactmetrics_skip_tracking":false,"_exactmetrics_sitenote_active":false,"_exactmetrics_sitenote_note":"","_exactmetrics_sitenote_category":0,"footnotes":""},"categories":[4,119,245,6,170,9,75,71,248,1],"tags":[],"class_list":["post-1461","post","type-post","status-publish","format-standard","has-post-thumbnail","hentry","category-gestion-de-projet","category-gestion-de-linformation","category-transformation-digitale","category-gestion-du-changement","category-gestion-des-risques","category-leadership","category-communication","category-management-general","category-09-formation","category-non-classe"],"_links":{"self":[{"href":"https:\/\/alltogether.be\/index.php\/wp-json\/wp\/v2\/posts\/1461","targetHints":{"allow":["GET"]}}],"collection":[{"href":"https:\/\/alltogether.be\/index.php\/wp-json\/wp\/v2\/posts"}],"about":[{"href":"https:\/\/alltogether.be\/index.php\/wp-json\/wp\/v2\/types\/post"}],"author":[{"embeddable":true,"href":"https:\/\/alltogether.be\/index.php\/wp-json\/wp\/v2\/users\/1"}],"replies":[{"embeddable":true,"href":"https:\/\/alltogether.be\/index.php\/wp-json\/wp\/v2\/comments?post=1461"}],"version-history":[{"count":1,"href":"https:\/\/alltogether.be\/index.php\/wp-json\/wp\/v2\/posts\/1461\/revisions"}],"predecessor-version":[{"id":1463,"href":"https:\/\/alltogether.be\/index.php\/wp-json\/wp\/v2\/posts\/1461\/revisions\/1463"}],"wp:featuredmedia":[{"embeddable":true,"href":"https:\/\/alltogether.be\/index.php\/wp-json\/wp\/v2\/media\/1462"}],"wp:attachment":[{"href":"https:\/\/alltogether.be\/index.php\/wp-json\/wp\/v2\/media?parent=1461"}],"wp:term":[{"taxonomy":"category","embeddable":true,"href":"https:\/\/alltogether.be\/index.php\/wp-json\/wp\/v2\/categories?post=1461"},{"taxonomy":"post_tag","embeddable":true,"href":"https:\/\/alltogether.be\/index.php\/wp-json\/wp\/v2\/tags?post=1461"}],"curies":[{"name":"wp","href":"https:\/\/api.w.org\/{rel}","templated":true}]}}