{"id":276,"date":"2025-06-15T19:27:31","date_gmt":"2025-06-15T17:27:31","guid":{"rendered":"http:\/\/alltogether.be\/?p=276"},"modified":"2025-06-15T19:27:32","modified_gmt":"2025-06-15T17:27:32","slug":"le-b-a-ba-de-la-strategie-dentreprise","status":"publish","type":"post","link":"https:\/\/alltogether.be\/index.php\/2025\/06\/15\/le-b-a-ba-de-la-strategie-dentreprise\/","title":{"rendered":"Le b.a.-ba de la strat\u00e9gie d&rsquo;une organisation"},"content":{"rendered":"<p>Savoir \u00e0 quoi on sert, savoir ou on veut aller et savoir comment on d\u00e9sire y aller me semblent \u00eatre le d\u00e9but indispensable de la mise en place d&rsquo;une strat\u00e9gie d&rsquo;organisation. Savoir cela et surtout le partager en interne permettra ensuite de d\u00e9finir et appliquer de fa\u00e7on coh\u00e9rente une strat\u00e9gie (ce y compris des objectifs).<\/p>\n<p>Je n&rsquo;\u00e9tonnerai donc personne aujourd&rsquo;hui en vous parlant du d\u00e9j\u00e0 tr\u00e8s connu slogan \u00ab\u00a0Mission, Vision, Valeurs\u00a0\u00bb et de la fameuse \u00ab\u00a0Charte\u00a0\u00bb qui trop souvent, une fois \u00e9tablie, se contente d&rsquo;\u00eatre affich\u00e9e dans un couloir.<\/p>\n<p>En effet, trop souvent, on se contente de l&rsquo;\u00e9tablir, de l&rsquo;encadrer et ensuite de l&rsquo;oublier &#8230; Alors que &#8230;<\/p>\n<p>Si vous en avez une dans un de vos couloirs, allez la d\u00e9poussi\u00e9rer et allez la relire car elle devrait correspondre et traduire votre quotidien professionnel &#8230; Et si ce n&rsquo;est pas le cas, il est grand temps de la revoir \ud83d\ude42 &#8230;<\/p>\n<p>La r\u00e9flexion et l&rsquo;officialisation de cette trilogie (sous la forme d&rsquo;une charte) servent donc \u00e0 d\u00e9terminer et fixer une strat\u00e9gie en d\u00e9finissant une direction commune, en coordonnant les efforts de chacun et en constituant une sorte de r\u00e9f\u00e9rent aidant \u00e0 fixer des objectifs, \u00e0 faire des choix et \u00e0 prendre des d\u00e9cisions.<\/p>\n<p>La d\u00e9finition \u00ab\u00a0collaborative\u00a0\u00bb de cette trilogie va d\u00e9boucher sur la mise au point d&rsquo;une r\u00e9elle \u00ab\u00a0feuille de route\u00a0\u00bb de l&rsquo;organisation et va constituer un \u00e9l\u00e9ment important de son identit\u00e9. Cette trilogie s&rsquo;av\u00e8re donc aussi un atout certain dans la communication organisationnelle permettant de passer un\u00a0 message fort vers sa client\u00e8le, ses usagers, son personnel et toutes les autres parties prenantes (\u00e0 condition naturellement que le \u00ab\u00a0ramage corresponde au plumage\u00a0\u00bb \ud83d\ude42 &#8230;).<\/p>\n<p><strong><span class=\"underline\"> La Mission<\/span><\/strong><\/p>\n<p>C&rsquo;est le champ d\u2019activit\u00e9 fondamental d\u2019une organisation qui constitue sa raison d\u2019\u00eatre ou sa vocation. Elle repose sur l&rsquo;identification des activit\u00e9s de base et de ses sp\u00e9cialisations.<\/p>\n<p>Il s&rsquo;agit d&rsquo;un texte court dans lequel l&rsquo;entreprise ou organisme s\u2019efforce de d\u00e9crire l\u2019essentiel de sa raison d\u2019\u00eatre et de ses objectifs fondamentaux.<\/p>\n<p>Voici un exemple du plus haut niveau puisqu&rsquo;il correspond \u00e0 la mission d&rsquo;un minist\u00e8re fran\u00e7ais (la D\u00e9fense en l\u2019occurrence) :<\/p>\n<p class=\"center\">\u00ab\u00a0Assurer la s\u00e9curit\u00e9 des fran\u00e7ais, l&rsquo;int\u00e9grit\u00e9 du territoire et le respect des alliances internationales\u00a0\u00bb.<\/p>\n<p><strong><span class=\"underline\">La Vision<\/span><\/strong><\/p>\n<p>La vision pr\u00e9sente une projection dans l&rsquo;avenir de la mission et d\u00e9crit ce que l&rsquo;organisation veut devenir et la cible qu&rsquo;elle veut atteindre. Son \u00e9nonc\u00e9 doit aussi \u00eatre concis, pr\u00e9cis et sans \u00e9quivoque. Il doit traduire la direction vers laquelle l&rsquo;organisation d\u00e9sire s&rsquo;orienter et ce qu&rsquo;elle veut devenir.<\/p>\n<p><strong><span class=\"underline\">Les valeurs<\/span><\/strong><\/p>\n<p>Elles sont les principes \u00ab\u00a0moraux\u00a0\u00bb que l&rsquo;organisation se fixe dans l&rsquo;exercice de son m\u00e9tier et dans la conduite de ses affaires. Elles d\u00e9terminent les comportements et les attitudes (mani\u00e8re d&rsquo;\u00eatre et d&rsquo;agir) que les managers et les employ\u00e9s sont cens\u00e9s adopter dans l&rsquo;ex\u00e9cution de leurs t\u00e2ches respectives. Elles forment les bases de la culture d&rsquo;entreprise.<\/p>\n<p>On vient donc ainsi de (re)d\u00e9finir la raison d&rsquo;\u00eatre de son organisation (MISSION), la direction dans laquelle on veut \u00e9voluer (VISION) et enfin le prix que l&rsquo;on veut bien payer pour y arriver (VALEURS).<\/p>\n<p>Il faut maintenant d\u00e9terminer des objectifs qui op\u00e9rationnaliseront ces bonnes intentions et qui les transformeront en action concr\u00e8tes et ensuite en r\u00e9sultats tangibles.<\/p>\n<p>Ensuite on d\u00e9finira une strat\u00e9gie pour atteindre ces objectifs et on appliquera un tactique pour y parvenir (= les actions concr\u00e8tes \u00e0 mettre en place pour op\u00e9rationnaliser la strat\u00e9gie)<\/p>\n<p>Voila &#8230; tr\u00e8s simple a d\u00e9crire &#8230; par contre souvent tr\u00e8s compliqu\u00e9 \u00e0 produire car ces trois \u00e9l\u00e9ments sont cens\u00e9s d\u00e9crire les \u00ab\u00a0fondamentaux\u00a0\u00bb de l&rsquo;organisation et ce de fa\u00e7on synth\u00e9tique et coll\u00e9giale &#8230; Il est donc parfois opportun de se faire aider par un conseil ext\u00e9rieur\u00a0 qui apportera le recul et l&rsquo;objectivit\u00e9 n\u00e9cessaires &#8230;<\/p>\n<p>Il est \u00e0 noter que cette r\u00e9flexion gagne \u00e9galement \u00e0 \u00eatre men\u00e9e dans le cadre d&rsquo;un projet d&rsquo;envergure o\u00f9 les r\u00e9ponses aux questionnements de base pr\u00e9cit\u00e9s aideront incontestablement \u00e0 structurer ce dernier.<\/p>\n","protected":false},"excerpt":{"rendered":"<p>Savoir \u00e0 quoi on sert, savoir ou on veut aller et savoir comment on d\u00e9sire y aller me semblent \u00eatre le d\u00e9but indispensable de la mise en place d&rsquo;une strat\u00e9gie d&rsquo;entreprise. Savoir cela et surtout le partager en interne \u00e0 l&rsquo;organisation, permettra ensuite de d\u00e9finir et appliquer de fa\u00e7on coh\u00e9rente une strat\u00e9gie (ce y compris des objectifs).<\/p>\n<p>Je n&rsquo;\u00e9tonnerai donc personne aujourd&rsquo;hui en vous parlant du d\u00e9j\u00e0 tr\u00e8s connu slogan \u00ab\u00a0Mission, Vision, Valeurs\u00a0\u00bb et de la fameuse \u00ab\u00a0Charte\u00a0\u00bb d&rsquo;entreprise qui trop souvent, une fois \u00e9tablie, se contente d&rsquo;\u00eatre affich\u00e9e dans un couloir. <a class=\"more-link\" href=\"https:\/\/alltogether.be\/index.php\/2025\/06\/15\/le-b-a-ba-de-la-strategie-dentreprise\/\">Lire plus &#8230;<\/a><\/p>\n","protected":false},"author":1,"featured_media":708,"comment_status":"open","ping_status":"open","sticky":false,"template":"","format":"standard","meta":{"_exactmetrics_skip_tracking":false,"_exactmetrics_sitenote_active":false,"_exactmetrics_sitenote_note":"","_exactmetrics_sitenote_category":0,"footnotes":""},"categories":[4,71],"tags":[37,35,305,107,72,74,10,48,73,38],"class_list":["post-276","post","type-post","status-publish","format-standard","has-post-thumbnail","hentry","category-gestion-de-projet","category-management-general","tag-accompagnement","tag-communication","tag-developpement","tag-formation","tag-mission","tag-objectifs","tag-projet","tag-strategie","tag-valeurs","tag-vision"],"_links":{"self":[{"href":"https:\/\/alltogether.be\/index.php\/wp-json\/wp\/v2\/posts\/276","targetHints":{"allow":["GET"]}}],"collection":[{"href":"https:\/\/alltogether.be\/index.php\/wp-json\/wp\/v2\/posts"}],"about":[{"href":"https:\/\/alltogether.be\/index.php\/wp-json\/wp\/v2\/types\/post"}],"author":[{"embeddable":true,"href":"https:\/\/alltogether.be\/index.php\/wp-json\/wp\/v2\/users\/1"}],"replies":[{"embeddable":true,"href":"https:\/\/alltogether.be\/index.php\/wp-json\/wp\/v2\/comments?post=276"}],"version-history":[{"count":11,"href":"https:\/\/alltogether.be\/index.php\/wp-json\/wp\/v2\/posts\/276\/revisions"}],"predecessor-version":[{"id":1636,"href":"https:\/\/alltogether.be\/index.php\/wp-json\/wp\/v2\/posts\/276\/revisions\/1636"}],"wp:featuredmedia":[{"embeddable":true,"href":"https:\/\/alltogether.be\/index.php\/wp-json\/wp\/v2\/media\/708"}],"wp:attachment":[{"href":"https:\/\/alltogether.be\/index.php\/wp-json\/wp\/v2\/media?parent=276"}],"wp:term":[{"taxonomy":"category","embeddable":true,"href":"https:\/\/alltogether.be\/index.php\/wp-json\/wp\/v2\/categories?post=276"},{"taxonomy":"post_tag","embeddable":true,"href":"https:\/\/alltogether.be\/index.php\/wp-json\/wp\/v2\/tags?post=276"}],"curies":[{"name":"wp","href":"https:\/\/api.w.org\/{rel}","templated":true}]}}