{"id":58,"date":"2023-03-31T08:05:00","date_gmt":"2023-03-31T06:05:00","guid":{"rendered":"http:\/\/alltogether.be\/?p=58"},"modified":"2023-03-31T08:04:42","modified_gmt":"2023-03-31T06:04:42","slug":"58","status":"publish","type":"post","link":"https:\/\/alltogether.be\/index.php\/2023\/03\/31\/58\/","title":{"rendered":"Vous avez un r\u00eave ou projet &#8230; Passez \u00e0 l&rsquo;action &#8230;"},"content":{"rendered":"<p>Vous avez une id\u00e9e, un r\u00eave, un projet, &#8230;<\/p>\n<p>Fantastique, c&rsquo;est d\u00e9j\u00e0 un excellent d\u00e9but mais cela va-t-il suffire pour qu&rsquo;il se r\u00e9alise tout seul ?<\/p>\n<p>Je crains malheureusement que si vous ne prenez pas votre destin en main, votre projet restera, \u00e0 jamais, une chim\u00e8re &#8230;<\/p>\n<p>Voici donc quelques conseils pour mat\u00e9rialiser et concr\u00e9tiser votre r\u00eave\/projet :<\/p>\n<ol>\n<li><strong>Prenez vous en main (Aide toi et le ciel t\u2019aidera) et osez.<\/strong><\/li>\n<li>Faites une r\u00e9flexion et une analyse <strong>Mission<\/strong> \/ <strong>Vision<\/strong> \/ <strong>Valeurs <\/strong>afin d&rsquo;\u00e9valuer le chemin \u00e0 parcourir.<\/li>\n<li>Analyser votre <strong>environnement<\/strong> afin de d\u00e9terminer si les circonstances sont et seront favorables (PESTEL, SWOT, analyse des stakeholders, &#8230;).<\/li>\n<li>N&rsquo;h\u00e9sitez pas \u00e0 <strong>penser hors des clous<\/strong> et \u00e0 sortir du conventionnel. Le succ\u00e8s est souvent l\u00e0 ou les autres n&rsquo;occupent pas encore le terrain =&gt; think outside the box &#8230; Pensez donc \u00e0 d\u00e9terminer <strong>votre oc\u00e9an rouge et votre oc\u00e9an bleu<\/strong>.<\/li>\n<li>Faites une <strong>analyse pr\u00e9alable<\/strong> afin de vous assurer de la viabilit\u00e9 et de la rentabilit\u00e9 de votre projet.<\/li>\n<li>Cadrez votre id\u00e9e\/projet dans une \u00ab\u00a0<strong>matrice d&rsquo;affaires<\/strong>\u00a0\u00bb ou un \u00ab\u00a0<strong>Business Model<\/strong>\u00ab\u00a0.<\/li>\n<li>Consolidez votre <strong>vision<\/strong> globale (la situation que je veux atteindre dans quelques mois, ann\u00e9es &#8230;) et d\u00e9terminer un <strong>objectif global<\/strong>&nbsp;(ambitieux mais r\u00e9aliste) qui permettra de la mettre en \u0153uvre.<\/li>\n<li>Divisez l&rsquo;objectif global en sous-<strong>objectifs SMART<\/strong> et placez les dans un \u00ab\u00a0<strong>plan d&rsquo;ensemble<\/strong>\u00ab\u00a0.<\/li>\n<li>Faites une analyse des <strong>risques<\/strong> (et <strong>opportunit\u00e9s<\/strong>), traitez les risques et profitez des opportunit\u00e9s.<\/li>\n<li>Donnez vous les <strong>moyens<\/strong> de vos ambitions : pas uniquement financier mas aussi en temps et en investissements personnels.<\/li>\n<li><strong>Ex\u00e9cutez<\/strong> le plan, \u00e9tape par \u00e9tape, en l&rsquo;\u00e9valuant p\u00e9riodiquement et en l&rsquo;ajustant r\u00e9guli\u00e8rement si n\u00e9cessaire (Plan &#8211; Do &#8211; Check &#8211; Act).<\/li>\n<li>Soyez \u00ab\u00a0<strong>Agile<\/strong>\u00a0\u00bb et <strong>proactif<\/strong> afin de pouvoir vous adapter aux changements et aux nouvelles opportunit\u00e9s.<\/li>\n<li><strong>Communiquer<\/strong> en interne et en externe &#8230;.<\/li>\n<li>Recherchez quelques \u00ab\u00a0<strong>Quick Wins<\/strong>\u00ab\u00a0, cela fait toujours du bien de se voir avancer.<\/li>\n<li><strong>Ensuite travail, pers\u00e9v\u00e9rance et surtout patience (et un brin de chance &#8230;).<\/strong><\/li>\n<\/ol>\n<p><em>Et si vous avez des doutes et\/ou des craintes, faites vous <strong>accompagner<\/strong><\/em><strong> &#8230;<\/strong><\/p>\n","protected":false},"excerpt":{"rendered":"<p>Vous avez une id\u00e9e, un r\u00eave, un projet, &#8230;<\/p>\n<p>Fantastique, c&rsquo;est d\u00e9j\u00e0 un excellent d\u00e9but mais cela va-t-il suffire pour qu&rsquo;il se r\u00e9alise tout seul ?<\/p>\n<p>Je crains malheureusement que si vous ne prenez pas votre destin en main, votre projet restera, \u00e0 jamais, une chim\u00e8re &#8230; Voici donc quelques conseils pour mat\u00e9rialiser et concr\u00e9tiser votre r\u00eave\/projet : <a class=\"more-link\" href=\"https:\/\/alltogether.be\/index.php\/2023\/03\/31\/58\/\">Lire plus &#8230;<\/a><\/p>\n","protected":false},"author":1,"featured_media":1320,"comment_status":"open","ping_status":"open","sticky":true,"template":"","format":"standard","meta":{"_exactmetrics_skip_tracking":false,"_exactmetrics_sitenote_active":false,"_exactmetrics_sitenote_note":"","_exactmetrics_sitenote_category":0,"footnotes":""},"categories":[4],"tags":[283,35,87,85,171,282,72,43,52,10,86,88,73,38],"class_list":["post-58","post","type-post","status-publish","format-standard","has-post-thumbnail","hentry","category-gestion-de-projet","tag-business-model","tag-communication","tag-decision","tag-idee","tag-innovation","tag-matrice-daffaire","tag-mission","tag-plan","tag-project-management","tag-projet","tag-reve","tag-travail","tag-valeurs","tag-vision"],"_links":{"self":[{"href":"https:\/\/alltogether.be\/index.php\/wp-json\/wp\/v2\/posts\/58","targetHints":{"allow":["GET"]}}],"collection":[{"href":"https:\/\/alltogether.be\/index.php\/wp-json\/wp\/v2\/posts"}],"about":[{"href":"https:\/\/alltogether.be\/index.php\/wp-json\/wp\/v2\/types\/post"}],"author":[{"embeddable":true,"href":"https:\/\/alltogether.be\/index.php\/wp-json\/wp\/v2\/users\/1"}],"replies":[{"embeddable":true,"href":"https:\/\/alltogether.be\/index.php\/wp-json\/wp\/v2\/comments?post=58"}],"version-history":[{"count":16,"href":"https:\/\/alltogether.be\/index.php\/wp-json\/wp\/v2\/posts\/58\/revisions"}],"predecessor-version":[{"id":1323,"href":"https:\/\/alltogether.be\/index.php\/wp-json\/wp\/v2\/posts\/58\/revisions\/1323"}],"wp:featuredmedia":[{"embeddable":true,"href":"https:\/\/alltogether.be\/index.php\/wp-json\/wp\/v2\/media\/1320"}],"wp:attachment":[{"href":"https:\/\/alltogether.be\/index.php\/wp-json\/wp\/v2\/media?parent=58"}],"wp:term":[{"taxonomy":"category","embeddable":true,"href":"https:\/\/alltogether.be\/index.php\/wp-json\/wp\/v2\/categories?post=58"},{"taxonomy":"post_tag","embeddable":true,"href":"https:\/\/alltogether.be\/index.php\/wp-json\/wp\/v2\/tags?post=58"}],"curies":[{"name":"wp","href":"https:\/\/api.w.org\/{rel}","templated":true}]}}