{"id":740,"date":"2022-04-24T20:46:00","date_gmt":"2022-04-24T18:46:00","guid":{"rendered":"http:\/\/alltogether.be\/?p=740"},"modified":"2022-04-24T20:46:48","modified_gmt":"2022-04-24T18:46:48","slug":"transformation-digitale-le-defi-nest-pas-technologique","status":"publish","type":"post","link":"https:\/\/alltogether.be\/index.php\/2022\/04\/24\/transformation-digitale-le-defi-nest-pas-technologique\/","title":{"rendered":"Transformation digitale &#8230; le d\u00e9fi n&rsquo;est pas technologique &#8230;"},"content":{"rendered":"<p>La transformation digitale (aussi nomm\u00e9e transformation num\u00e9rique) est devenue une r\u00e9alit\u00e9 incontournable. Que ce soit pour rester comp\u00e9titif ou simplement pour faire progresser son activit\u00e9, la digitalisation (num\u00e9risation) s&rsquo;invite et\/ou s&rsquo;impose dans nos entreprises.<\/p>\n<p>Au del\u00e0 de la mise en place de la technologie et des outils, la transformation digitale d&rsquo;une entreprise est avant tout un projet transversal qui va toucher tous les d\u00e9partements et toutes les couches de l&rsquo;organisation.<\/p>\n<p>Le d\u00e9fi n&rsquo;est donc pas technologique mais bien humain.<\/p>\n<p><strong>Se concentrer sur l&rsquo;acceptation<\/strong><\/p>\n<p>En effet, elle va modifier de fa\u00e7on sensible les m\u00e9thodes et les habitudes de travail provoquant donc in\u00e9vitablement de la r\u00e9sistance.<\/p>\n<p>De plus, la digitalisation est un projet \u00e0 long\/moyen terme n\u00e9cessitant l&rsquo;implication et l&rsquo;investissement de tous. Les r\u00e9sultats et b\u00e9n\u00e9fices n&rsquo;\u00e9tant pas souvent imm\u00e9diats, la mise en \u0153uvre d&rsquo;un projet global de digitalisation freinera et ralentira immanquablement la r\u00e9alisation des autres objectifs tactiques et op\u00e9rationnels (court terme).<\/p>\n<p>Ne croyez donc surtout pas que cette r\u00e9sistance viendra uniquement des ouvriers et des employ\u00e9s &#8230; \u00ab\u00a0Que nenni\u00a0\u00bb &#8230;<\/p>\n<p>Souvent la r\u00e9sistance la plus farouche \u00e9manera des cadres qui percevront la digitalisation non pas comme un progr\u00e8s mais comme un obstacle \u00e0 leurs propres activit\u00e9s.<\/p>\n<p>Dans ce contexte potentiellement \u00ab\u00a0conflictuel\u00a0\u00bb, il ne faut surtout pas confier la direction de la transformation digitale vis\u00e9e aux techniciens\/informaticiens qui n&rsquo;auront probablement pas le recul et la vision globale indispensables \u00e0 sa r\u00e9ussite.<\/p>\n<p><strong>Quelques conseils et recommandations<\/strong><\/p>\n<p>Voici quelques conseils (c&rsquo;est pas de la th\u00e9orie mais du v\u00e9cu :-)) devant permettre d&rsquo;aborder de fa\u00e7on structur\u00e9e et globale cette fantastique aventure qu&rsquo;est un <strong>transformation digitale<\/strong> :<\/p>\n<ol>\n<li>en faire reconna\u00eetre et accepter la <strong>complexit\u00e9,<\/strong><\/li>\n<li>d\u00e9velopper une \u00ab\u00a0<strong>vision<\/strong>\u00a0\u00bb digitale englobant la transformation digitale vis\u00e9e et communiquer \u00e0 son sujet,<\/li>\n<li>obtenir qu&rsquo;elle soit reprise dans les <strong>objectifs strat\u00e9giques<\/strong> de l&rsquo;entreprise,<\/li>\n<li>lib\u00e9rer les <strong>moyens<\/strong> aussi bien humains que mat\u00e9riels et budg\u00e9taires,<\/li>\n<li>la g\u00e9rer et la mener comme un <strong>projet<\/strong> ou, mieux encore, comme un <strong>programme<\/strong> ou <strong>portefeuille de projets, <\/strong><\/li>\n<li>obtenir le soutien et l&rsquo;appui r\u00e9el du donneur d&rsquo;ordre, de la <strong>direction, <\/strong>du <strong>middle management<\/strong> et&nbsp; de <strong>sponsors<\/strong> de poids,<\/li>\n<li>d\u00e9finir avec pr\u00e9cision la <strong>port\u00e9e<\/strong> du projet de transformation digitale et l&rsquo;acter dans un <strong>mandat <\/strong>valid\u00e9 et sign\u00e9 par la direction,<\/li>\n<li>mettre en place un plan de gestion du <strong>changement<\/strong>,<\/li>\n<li>proc\u00e9der \u00e0 une analyse des <strong>risques<\/strong> et les traiter de fa\u00e7on syst\u00e9matique et continue,<\/li>\n<li>\u00e9tablir un plan de communication et l&rsquo;appliquer,<\/li>\n<li>identifier et gagner les faveurs de quelques \u00ab\u00a0<strong>champions<\/strong>\u00a0\u00bb qui seront vos porte-paroles au sein de l&rsquo;organisation,<\/li>\n<li>digitaliser par \u00ab\u00a0morceaux\u00a0\u00bb mais <strong>r\u00e9fl\u00e9chir globalement,<\/strong><\/li>\n<li>saucissonner votre projet en sous-projets et commencer par celui qui correspond \u00e0 un<strong> besoin r\u00e9el<\/strong> et qui pourra donner tr\u00e8s rapidement des <strong>r\u00e9sultats tangibles<\/strong> et une <strong>plus-value indiscutable,<\/strong><\/li>\n<li>choisir des <strong>technologies \u00e9prouv\u00e9es<\/strong> et des <strong>outils reconnus,<\/strong><\/li>\n<li>se baser sur les <strong>descriptions de processus<\/strong> existantes (sinon les \u00e9tablir),<\/li>\n<li>ne pas digitaliser les proc\u00e9dures manuelles existantes comme telles mais les repenser et les transformer en fonction des <strong>sp\u00e9cificit\u00e9s digitales,<\/strong><\/li>\n<li>TOUJOURS se mettre dans la peau des <strong>utilisateurs<\/strong> et impliquer les <strong>acteurs du terrain<\/strong> afin de rester en phase avec la r\u00e9alit\u00e9,<\/li>\n<li>ne pas n\u00e9gliger le \u00ab\u00a0<strong>middle management<\/strong>\u00a0\u00bb qui, lui aussi, a son mot \u00e0 dire et son impact,<\/li>\n<li>se concentrer sur l&rsquo;<strong>acceptation<\/strong> du concept global et des produits du projet,<\/li>\n<li>obtenir rapidement des r\u00e9sultats tangibles (<strong>quick-wins<\/strong>) et b\u00e2tir sur ceux-ci pour acc\u00e9l\u00e9rer l&rsquo;acceptation du changement,<\/li>\n<li><strong>communiquer<\/strong> et encore <strong>communiquer<\/strong> en surfant sur les quick-wins<\/li>\n<li><strong>former<\/strong> et encore <strong>former<\/strong> afin de d\u00e9mystifier et rassurer,<\/li>\n<li>Appliquer un <strong>leadership fort<\/strong> en faisant appel&nbsp; \u00e0 la direction et au sponsor si n\u00e9cessaire<\/li>\n<li>r\u00e9aliser la transformation digitale comme on b\u00e2tit un mur : <strong>brique par brique<\/strong> (selon le plan et en utilisant un puissant mortier),<\/li>\n<\/ol>\n<h2>La suite \u2026 c&rsquo;est la gestion de la bataille \u2026<\/h2>\n<p>Pour le reste,<\/p>\n<ul>\n<li>\u00catre r\u00e9actif, \u00eatre \u00ab&nbsp;Agile&nbsp;\u00bb,<\/li>\n<li>Tenir bon et pers\u00e9v\u00e9rer,<\/li>\n<li>\u00c9valuer r\u00e9guli\u00e8rement ce qui est fait et ce qui reste \u00e0 fair,<\/li>\n<li>Corriger si n\u00e9cessaire (=&gt; PDCA : Plan, Do, Check, Act),<\/li>\n<li>\u00catre en permanence proche et \u00e0 l\u2019\u00e9coute de ses clients\/utilisateurs.<\/li>\n<\/ul>\n<ul>\n<li>&#8230;<\/li>\n<\/ul>\n<h2>Transformation digitale &#8230; le d\u00e9fi n&rsquo;est pas technologique &#8230;<\/h2>\n<p>A la lecture de ces quelques lignes, vous l&rsquo;avez ressenti &#8230; la technique ne me pr\u00e9occupe pas trop &#8230;<br \/>\nAujourd\u2019hui, il y aura toujours une \u00ab\u00a0bonne\u00a0\u00bb solution et un \u00ab\u00a0bon\u00a0\u00bb technicien pour l&rsquo;impl\u00e9menter.<br \/>\nD\u00e9velopper un nouvel outil ou configurer un outil existant n&rsquo;est pas le r\u00e9el d\u00e9fi &#8230;<\/p>\n<p>le vrai d\u00e9fi est de faire utiliser cet outil correctement et s&rsquo;assurer que son emploi sera une r\u00e9elle plus-value pour l&rsquo;organisation &#8230;<\/p>\n","protected":false},"excerpt":{"rendered":"<p>La transformation digitale (aussi nomm\u00e9e transformation num\u00e9rique) est devenue une r\u00e9alit\u00e9 incontournable. Que ce soit pour rester comp\u00e9titif ou simplement pour faire progresser son activit\u00e9, la digitalisation (num\u00e9risation) s&rsquo;invite et\/ou s&rsquo;impose dans nos entreprises.Au del\u00e0 de la mise en place de la technologie et des outils, la transformation digitale d&rsquo;une entreprise est avant tout un projet transversal qui va toucher tous les d\u00e9partements et toutes les couches de l&rsquo;organisation.Le d\u00e9fi n&rsquo;est donc pas technologique mais bien humain. <a class=\"more-link\" href=\"https:\/\/alltogether.be\/index.php\/2022\/04\/24\/transformation-digitale-le-defi-nest-pas-technologique\/\">Lire plus &#8230;<\/a><\/p>\n","protected":false},"author":1,"featured_media":805,"comment_status":"open","ping_status":"open","sticky":false,"template":"","format":"standard","meta":{"_exactmetrics_skip_tracking":false,"_exactmetrics_sitenote_active":false,"_exactmetrics_sitenote_note":"","_exactmetrics_sitenote_category":0,"footnotes":""},"categories":[4,119,245,6,9,75],"tags":[37,140,244,212,107,125,242,243,313,10,241],"class_list":["post-740","post","type-post","status-publish","format-standard","has-post-thumbnail","hentry","category-gestion-de-projet","category-gestion-de-linformation","category-transformation-digitale","category-gestion-du-changement","category-leadership","category-communication","tag-accompagnement","tag-coaching","tag-complexite","tag-dematerialisation","tag-formation","tag-gestion-documentaire","tag-numerisation","tag-objectif-strategique","tag-programme","tag-projet","tag-transformation-digitale"],"_links":{"self":[{"href":"https:\/\/alltogether.be\/index.php\/wp-json\/wp\/v2\/posts\/740","targetHints":{"allow":["GET"]}}],"collection":[{"href":"https:\/\/alltogether.be\/index.php\/wp-json\/wp\/v2\/posts"}],"about":[{"href":"https:\/\/alltogether.be\/index.php\/wp-json\/wp\/v2\/types\/post"}],"author":[{"embeddable":true,"href":"https:\/\/alltogether.be\/index.php\/wp-json\/wp\/v2\/users\/1"}],"replies":[{"embeddable":true,"href":"https:\/\/alltogether.be\/index.php\/wp-json\/wp\/v2\/comments?post=740"}],"version-history":[{"count":9,"href":"https:\/\/alltogether.be\/index.php\/wp-json\/wp\/v2\/posts\/740\/revisions"}],"predecessor-version":[{"id":1236,"href":"https:\/\/alltogether.be\/index.php\/wp-json\/wp\/v2\/posts\/740\/revisions\/1236"}],"wp:featuredmedia":[{"embeddable":true,"href":"https:\/\/alltogether.be\/index.php\/wp-json\/wp\/v2\/media\/805"}],"wp:attachment":[{"href":"https:\/\/alltogether.be\/index.php\/wp-json\/wp\/v2\/media?parent=740"}],"wp:term":[{"taxonomy":"category","embeddable":true,"href":"https:\/\/alltogether.be\/index.php\/wp-json\/wp\/v2\/categories?post=740"},{"taxonomy":"post_tag","embeddable":true,"href":"https:\/\/alltogether.be\/index.php\/wp-json\/wp\/v2\/tags?post=740"}],"curies":[{"name":"wp","href":"https:\/\/api.w.org\/{rel}","templated":true}]}}